{"id":392,"date":"2025-02-27T03:45:51","date_gmt":"2025-02-27T03:45:51","guid":{"rendered":"https:\/\/kintoria.com\/?p=392"},"modified":"2025-02-27T03:46:14","modified_gmt":"2025-02-27T03:46:14","slug":"alkalmazasok-az-alvasminoseg-javitasara","status":"publish","type":"post","link":"https:\/\/kintoria.com\/hu\/aplicativos-para-melhorar-a-qualidade-do-sono\/","title":{"rendered":"Alkalmaz\u00e1sok az alv\u00e1smin\u0151s\u00e9g jav\u00edt\u00e1s\u00e1ra"},"content":{"rendered":"<p>A j\u00f3 \u00e9jszakai alv\u00e1s elengedhetetlen az \u00e1ltal\u00e1nos eg\u00e9szs\u00e9ghez \u00e9s j\u00f3l\u00e9thez. Sokan azonban nehezen alszanak el, vagy f\u00e1radtan \u00e9s energiahi\u00e1nnyal \u00e9brednek. A j\u00f3 h\u00edr az, hogy a technol\u00f3gia fejl\u0151d\u00e9s\u00e9vel sz\u00e1mos alkalmaz\u00e1s \u00e9rhet\u0151 el az alv\u00e1s min\u0151s\u00e9g\u00e9nek jav\u00edt\u00e1s\u00e1ra. Ezek az alkalmaz\u00e1sok seg\u00edthetnek a relax\u00e1ci\u00f3ban, az alv\u00e1sk\u00f6vet\u00e9sben, s\u0151t, az \u00e1lmatlans\u00e1g megel\u0151z\u00e9s\u00e9ben is, hozz\u00e1j\u00e1rulva a b\u00e9k\u00e9sebb \u00e9jszakai alv\u00e1shoz.<\/p>\n\n\n\n<p>Ebben a cikkben megvizsg\u00e1lunk n\u00e9h\u00e1nyat a legjobb alkalmaz\u00e1sok k\u00f6z\u00fcl, amelyek seg\u00edtenek a jobb alv\u00e1sban \u00e9s a m\u00e9ly alv\u00e1s el\u00e9r\u00e9s\u00e9ben. Olyan funkci\u00f3kat k\u00edn\u00e1lnak, mint a medit\u00e1ci\u00f3, a relax\u00e1ci\u00f3s hangok \u00e9s a l\u00e9gz\u00e9stechnik\u00e1k, amelyek kulcsfontoss\u00e1g\u00faak lehetnek azok sz\u00e1m\u00e1ra, akik a technol\u00f3gia seg\u00edts\u00e9g\u00e9vel szeretn\u00e9k jav\u00edtani az alv\u00e1sukat. Olvasson tov\u00e1bb, hogy megtudja, mely alkalmaz\u00e1sok lehetnek a megfelel\u0151ek az \u00d6n sz\u00e1m\u00e1ra!<\/p>\n\n\n\n<h2 class=\"wp-block-heading\">Jav\u00edtsa alv\u00e1smin\u0151s\u00e9g\u00e9t technol\u00f3gi\u00e1val<\/h2>\n\n\n\n<figure class=\"wp-block-image size-large is-resized\"><img loading=\"lazy\" decoding=\"async\" width=\"1920\" height=\"1080\" src=\"https:\/\/i1.wp.com\/kintoria.com\/wp-content\/uploads\/2025\/02\/Aplicativos-para-Melhorar-a-Qualidade-do-Sono-1.jpeg?resize=1024%2C576&amp;ssl=1\" alt=\"\" class=\"wp-image-394\" style=\"width:890px;height:auto\" srcset=\"https:\/\/kintoria.com\/wp-content\/uploads\/2025\/02\/Aplicativos-para-Melhorar-a-Qualidade-do-Sono-1.jpeg 1920w, https:\/\/kintoria.com\/wp-content\/uploads\/2025\/02\/Aplicativos-para-Melhorar-a-Qualidade-do-Sono-1-300x169.jpeg 300w, https:\/\/kintoria.com\/wp-content\/uploads\/2025\/02\/Aplicativos-para-Melhorar-a-Qualidade-do-Sono-1-1024x576.jpeg 1024w, https:\/\/kintoria.com\/wp-content\/uploads\/2025\/02\/Aplicativos-para-Melhorar-a-Qualidade-do-Sono-1-768x432.jpeg 768w, https:\/\/kintoria.com\/wp-content\/uploads\/2025\/02\/Aplicativos-para-Melhorar-a-Qualidade-do-Sono-1-1536x864.jpeg 1536w, https:\/\/kintoria.com\/wp-content\/uploads\/2025\/02\/Aplicativos-para-Melhorar-a-Qualidade-do-Sono-1-747x420.jpeg 747w, https:\/\/kintoria.com\/wp-content\/uploads\/2025\/02\/Aplicativos-para-Melhorar-a-Qualidade-do-Sono-1-696x392.jpeg 696w, https:\/\/kintoria.com\/wp-content\/uploads\/2025\/02\/Aplicativos-para-Melhorar-a-Qualidade-do-Sono-1-1068x601.jpeg 1068w\" sizes=\"auto, (max-width: 1920px) 100vw, 1920px\" \/><\/figure>\n\n\n\n<p>A technol\u00f3giai fejl\u0151d\u00e9s \u00faj m\u00f3dszereket k\u00edn\u00e1l az alv\u00e1smin\u0151s\u00e9g jav\u00edt\u00e1s\u00e1ra. A relax\u00e1ci\u00f3s alkalmaz\u00e1sokt\u00f3l az alv\u00e1sk\u00f6vet\u00e9sig a technol\u00f3gia megfizethet\u0151 \u00e9s hat\u00e9kony megold\u00e1sokat k\u00edn\u00e1l. Ha eg\u00e9szs\u00e9ges, m\u00e9ly alv\u00e1sra v\u00e1gysz, n\u00e9h\u00e1ny alkalmaz\u00e1s kiemelkedik, amelyek szem\u00e9lyre szabott \u00e9lm\u00e9nyt ny\u00fajtanak a jobb alv\u00e1s \u00e9rdek\u00e9ben.<\/p>\n\n\n\n<p>Ezek az alkalmaz\u00e1sok nemcsak az alv\u00e1s min\u0151s\u00e9g\u00e9nek jav\u00edt\u00e1s\u00e1ban seg\u00edtenek, hanem hat\u00e9kony eszk\u00f6zt jelentenek \u00e1lmatlans\u00e1gban vagy alv\u00e1szavarokban szenved\u0151k sz\u00e1m\u00e1ra is. Ezenk\u00edv\u00fcl ezek k\u00f6z\u00fcl sok alkalmaz\u00e1s olyan funkci\u00f3kat is tartalmaz, amelyek \u00e9lvezetesebb\u00e9 teszik az \u00e9lm\u00e9nyt, p\u00e9ld\u00e1ul pihentet\u0151 hangokat \u00e9s vezetett medit\u00e1ci\u00f3kat, amelyek seg\u00edtenek felk\u00e9sz\u00edteni a testet \u00e9s az elm\u00e9t a pihentet\u0151 \u00e9jszakai pihen\u00e9sre.<\/p>\n\n\n\n<h3 class=\"wp-block-heading\">Nyugodt<\/h3>\n\n\n\n<p>A Calm alkalmaz\u00e1s kulcsfontoss\u00e1g\u00fa eszk\u00f6z azok sz\u00e1m\u00e1ra, akik jav\u00edtani szeretn\u00e9k alv\u00e1sukat \u00e9s \u00e9letmin\u0151s\u00e9g\u00fcket. K\u00fcl\u00f6nf\u00e9le pihentet\u0151 hangokat k\u00edn\u00e1l, p\u00e9ld\u00e1ul az es\u0151 vagy az \u00f3ce\u00e1n hangjait, amelyek seg\u00edthetnek ellazulni lefekv\u00e9s el\u0151tt. A Calm vezetett medit\u00e1ci\u00f3s foglalkoz\u00e1sokat is k\u00edn\u00e1l, amelyek t\u00f6k\u00e9letesek azok sz\u00e1m\u00e1ra, akik el akarnak kapcsol\u00f3dni a nap gondolatait\u00f3l, \u00e9s a jelen pillanatra szeretn\u00e9nek koncentr\u00e1lni.<\/p>\n\n\n\n<p>Egy egyszer\u0171 \u00e9s intuit\u00edv fel\u00fclettel a Calm lehet\u0151v\u00e9 teszi, hogy alv\u00e1si \u00e9lm\u00e9nyedet a saj\u00e1t preferenci\u00e1id szerint szabd testre. A tartalmak sokf\u00e9les\u00e9ge, bele\u00e9rtve a zen\u00e9t, t\u00f6rt\u00e9neteket \u00e9s l\u00e9gz\u0151gyakorlatokat, ide\u00e1liss\u00e1 teszi az alkalmaz\u00e1st azok sz\u00e1m\u00e1ra, akik term\u00e9szetes m\u00f3don szeretn\u00e9k jav\u00edtani alv\u00e1suk min\u0151s\u00e9g\u00e9t. Ez\u00e9rt ez az egyik legink\u00e1bb aj\u00e1nlott alkalmaz\u00e1s azok sz\u00e1m\u00e1ra, akik a technol\u00f3gia seg\u00edts\u00e9g\u00e9vel szeretn\u00e9k jav\u00edtani alv\u00e1sukat.<\/p>\n\n\n\n<h3 class=\"wp-block-heading\">Headspace<\/h3>\n\n\n\n<p>Egy m\u00e1sik er\u0151sen aj\u00e1nlott alkalmaz\u00e1s a Headspace, amely medit\u00e1ci\u00f3s \u00e9s mindfulness gyakorlatair\u00f3l ismert. Azok sz\u00e1m\u00e1ra, akik jav\u00edtani szeretn\u00e9k az alv\u00e1sukat, a Headspace speci\u00e1lis programokat k\u00edn\u00e1l, amelyek seg\u00edtenek cs\u00f6kkenteni a stresszt \u00e9s a szorong\u00e1st, el\u0151seg\u00edtve a m\u00e9ly relax\u00e1ci\u00f3t. A vezetett medit\u00e1ci\u00f3 szint\u00e9n kiv\u00e1l\u00f3 eszk\u00f6z azok sz\u00e1m\u00e1ra, akik jav\u00edtani szeretn\u00e9k az alv\u00e1sukat \u00e9s pihentet\u0151 \u00e9jszakai alv\u00e1st szeretn\u00e9nek el\u00e9rni.<\/p>\n\n\n\n<p>A Headspace struktur\u00e1lt megk\u00f6zel\u00edt\u00e9s\u00e9vel t\u0171nik ki, a foglalkoz\u00e1sok 10 perct\u0151l egy \u00f3r\u00e1ig terjedhetnek, \u00edgy megtal\u00e1lhatod a relax\u00e1ci\u00f3s id\u0151d ide\u00e1lis hossz\u00e1t. Ezenk\u00edv\u00fcl az alkalmaz\u00e1s sz\u00e1mos forr\u00e1st k\u00edn\u00e1l a lefekv\u00e9s el\u0151tti medit\u00e1ci\u00f3hoz \u00e9s relax\u00e1ci\u00f3hoz, seg\u00edtve az \u00e1lmatlans\u00e1g lek\u00fczd\u00e9s\u00e9t \u00e9s a m\u00e9ly alv\u00e1s el\u0151seg\u00edt\u00e9s\u00e9t.<\/p>\n\n\n\n<h3 class=\"wp-block-heading\">Alv\u00e1si ciklus<\/h3>\n\n\n\n<p>A Sleep Cycle az egyik legfejlettebb alv\u00e1sk\u00f6vet\u0151 alkalmaz\u00e1s. Technol\u00f3gi\u00e1t haszn\u00e1l az alv\u00e1si ciklusok elemz\u00e9s\u00e9re, \u00e9s az ide\u00e1lis id\u0151ben \u00e9breszt fel, seg\u00edtve, hogy energikusabban kezdhesd a napodat. Az alkalmaz\u00e1s lehet\u0151v\u00e9 teszi az alv\u00e1smin\u0151s\u00e9g nyomon k\u00f6vet\u00e9s\u00e9t is, \u00e9s tippeket k\u00edn\u00e1l az \u00e9jszakai szok\u00e1said jav\u00edt\u00e1s\u00e1hoz.<\/p>\n\n\n\n<p>Az alv\u00e1si szok\u00e1sok nyomon k\u00f6vet\u00e9se mellett a Sleep Cycle a technol\u00f3gia seg\u00edts\u00e9g\u00e9vel az alv\u00e1s jav\u00edt\u00e1s\u00e1ra is haszn\u00e1lhat\u00f3. Pihentet\u0151 hangokat haszn\u00e1l, hogy gyorsabban elaludjon \u00e9s jav\u00edtsa az alv\u00e1s min\u0151s\u00e9g\u00e9t. A Sleep Cycle kiv\u00e1l\u00f3 v\u00e1laszt\u00e1s azok sz\u00e1m\u00e1ra, akik tudom\u00e1nyosabb megk\u00f6zel\u00edt\u00e9st keresnek az alv\u00e1shoz, r\u00e9szletes inform\u00e1ci\u00f3kat k\u00edn\u00e1lva az alv\u00e1smin\u0151s\u00e9g optimaliz\u00e1l\u00e1s\u00e1r\u00f3l.<\/p>\n\n\n\n<h3 class=\"wp-block-heading\">Relax\u00e1ci\u00f3s dallamok<\/h3>\n\n\n\n<p>A Relax Melodies egy m\u00e1sik hat\u00e9kony alv\u00e1sjav\u00edt\u00f3 alkalmaz\u00e1s, k\u00fcl\u00f6n\u00f6sen azok sz\u00e1m\u00e1ra, akik a zajos k\u00f6rnyezet miatt nehezen tudnak ellazulni. Sz\u00e9les v\u00e1laszt\u00e9kban k\u00edn\u00e1l nyugtat\u00f3 hangokat, bele\u00e9rtve a term\u00e9szet hangjait, a l\u00e1gy zen\u00e9t \u00e9s a k\u00f6rnyezeti hangokat, amelyek kombin\u00e1lhat\u00f3k a t\u00f6k\u00e9letes alv\u00e1si l\u00e9gk\u00f6r megteremt\u00e9s\u00e9hez.<\/p>\n\n\n\n<p>A pihentet\u0151 hangok mellett a Relax Melodies lehet\u0151v\u00e9 teszi az egyes hangok hangerej\u00e9nek egyedi testreszab\u00e1s\u00e1t is. Ez hasznos egy egyedi \u00e9s t\u00f6k\u00e9letes \u00e9lm\u00e9ny megteremt\u00e9s\u00e9hez a pihen\u00e9shez. Az alkalmaz\u00e1s ide\u00e1lis azok sz\u00e1m\u00e1ra, akik pihentet\u0151 hangokkal szeretn\u00e9k jav\u00edtani alv\u00e1suk min\u0151s\u00e9g\u00e9t, \u00e9s er\u0151sen aj\u00e1nlott azoknak, akik \u00e1lmatlans\u00e1gban szenvednek.<\/p>\n\n\n\n<h3 class=\"wp-block-heading\">Pzizz<\/h3>\n\n\n\n<p>A Pzizz egy olyan alkalmaz\u00e1s, amely kiemelkedik azzal, hogy seg\u00edti az embereket a gyors elalv\u00e1sban \u00e9s jav\u00edtja a m\u00e9ly alv\u00e1st. Hangok \u00e9s zene kombin\u00e1ci\u00f3j\u00e1t haszn\u00e1lja, \u00edgy olyan hang\u00e9lm\u00e9nyt hoz l\u00e9tre, amely alkalmazkodik az alv\u00e1si ciklusokhoz. Ez teszi a Pzizzt kiv\u00e1l\u00f3 eszk\u00f6zz\u00e9 azok sz\u00e1m\u00e1ra, akik hat\u00e9kony megold\u00e1st keresnek \u00e1lmatlans\u00e1gra \u00e9s m\u00e1s alv\u00e1szavarokra.<\/p>\n\n\n\n<p>Az olyan funkci\u00f3kkal, mint a \u201eHypnop\u00e9dia\u201d \u00e9s a \u201eSzundi\u201d, a Pzizz lehet\u0151v\u00e9 teszi az alv\u00e1si \u00e9lm\u00e9ny szem\u00e9lyre szab\u00e1s\u00e1t is, legyen sz\u00f3 ak\u00e1r pihen\u00e9sr\u0151l, ak\u00e1r az alv\u00e1smin\u0151s\u00e9g jav\u00edt\u00e1s\u00e1r\u00f3l. Az alkalmaz\u00e1s rugalmass\u00e1ga lehet\u0151v\u00e9 teszi, hogy kiv\u00e1laszd a sz\u00e1modra legmegfelel\u0151bb hangt\u00edpust, \u00edgy az \u00e9lm\u00e9ny egyedi.<\/p>\n\n\n\n<h2 class=\"wp-block-heading\">Az alv\u00e1smin\u0151s\u00e9get jav\u00edt\u00f3 alkalmaz\u00e1sok jellemz\u0151i \u00e9s el\u0151nyei<\/h2>\n\n\n\n<p>Az alapvet\u0151 funkci\u00f3ik mellett ezek az alkalmaz\u00e1sok tov\u00e1bbi funkci\u00f3kat is k\u00edn\u00e1lnak, amelyek m\u00e9g gazdagabb\u00e1 teszik az \u00e9lm\u00e9nyt. P\u00e9ld\u00e1ul sokuk el\u0151fizet\u00e9ses csomagokat k\u00edn\u00e1l exkluz\u00edv tartalommal, p\u00e9ld\u00e1ul \u00faj hangokkal vagy medit\u00e1ci\u00f3s programokkal. Ez jelent\u0151s el\u0151nyt jelenthet azok sz\u00e1m\u00e1ra, akik folyamatosan szeretn\u00e9k jav\u00edtani alv\u00e1smin\u0151s\u00e9g\u00fcket.<\/p>\n\n\n\n<p>Tov\u00e1bbi el\u0151ny a k\u00f6nny\u0171 haszn\u00e1lat. Ezen alkalmaz\u00e1sok t\u00f6bbs\u00e9ge egyszer\u0171 \u00e9s intuit\u00edv fel\u00fclettel rendelkezik, \u00edgy b\u00e1rki, m\u00e9g a kev\u00e9s technikai tud\u00e1ssal rendelkez\u0151k is, gond n\u00e9lk\u00fcl haszn\u00e1lhatj\u00e1k \u0151ket. \u00cdgy gond n\u00e9lk\u00fcl \u00e9lvezheti a pihentet\u0151 alv\u00e1s el\u0151nyeit.<\/p>\n\n\n\n<h2 class=\"wp-block-heading\">K\u00f6vetkeztet\u00e9s<\/h2>\n\n\n\n<p>R\u00f6viden, az alv\u00e1smin\u0151s\u00e9g jav\u00edt\u00e1s\u00e1nak nem kell neh\u00e9znek lennie. A cikkben eml\u00edtett alkalmaz\u00e1sokkal hat\u00e9kony eszk\u00f6z\u00f6kh\u00f6z f\u00e9rhetsz hozz\u00e1, amelyek seg\u00edthetnek jobban aludni \u00e9s m\u00e9lyebben pihenni. Legyen sz\u00f3 vezetett medit\u00e1ci\u00f3kr\u00f3l, relax\u00e1l\u00f3 hangokr\u00f3l vagy alv\u00e1sciklus-k\u00f6vet\u00e9sr\u0151l, a technol\u00f3gia hat\u00e9kony megold\u00e1sokat k\u00edn\u00e1l azok sz\u00e1m\u00e1ra, akik jav\u00edtani szeretn\u00e9k alv\u00e1sukat \u00e9s eg\u00e9szs\u00e9gesebb \u00e9letet \u00e9lni.<\/p>\n\n\n\n<p>Ne feledd, hogy a legjobb eredm\u00e9ny el\u00e9r\u00e9se \u00e9rdek\u00e9ben fontos, hogy rendszeresen haszn\u00e1ld ezeket az alkalmaz\u00e1sokat, \u00e9s l\u00e9gy t\u00fcrelmes, mik\u00f6zben a funkci\u00f3kat az ig\u00e9nyeidhez igaz\u00edtod. \u00cdgy a technol\u00f3gia seg\u00edts\u00e9g\u00e9vel \u00e9lvezheted a m\u00e9ly, pihentet\u0151 alv\u00e1s el\u0151nyeit!<\/p>","protected":false},"excerpt":{"rendered":"<p>Uma boa noite de sono \u00e9 essencial para a sa\u00fade e o bem-estar geral. Muitas pessoas, no entanto, enfrentam dificuldades para dormir ou acordam sentindo-se cansadas e sem energia. A boa not\u00edcia \u00e9 que, com o avan\u00e7o da tecnologia, existem diversos aplicativos para melhorar a qualidade do sono. Esses apps podem ajudar no processo de [&hellip;]<\/p>\n","protected":false},"author":1,"featured_media":393,"comment_status":"open","ping_status":"open","sticky":false,"template":"","format":"standard","meta":{"footnotes":""},"categories":[30],"tags":[],"class_list":{"0":"post-392","1":"post","2":"type-post","3":"status-publish","4":"format-standard","5":"has-post-thumbnail","7":"category-aplicativos"},"_links":{"self":[{"href":"https:\/\/kintoria.com\/hu\/wp-json\/wp\/v2\/posts\/392","targetHints":{"allow":["GET"]}}],"collection":[{"href":"https:\/\/kintoria.com\/hu\/wp-json\/wp\/v2\/posts"}],"about":[{"href":"https:\/\/kintoria.com\/hu\/wp-json\/wp\/v2\/types\/post"}],"author":[{"embeddable":true,"href":"https:\/\/kintoria.com\/hu\/wp-json\/wp\/v2\/users\/1"}],"replies":[{"embeddable":true,"href":"https:\/\/kintoria.com\/hu\/wp-json\/wp\/v2\/comments?post=392"}],"version-history":[{"count":1,"href":"https:\/\/kintoria.com\/hu\/wp-json\/wp\/v2\/posts\/392\/revisions"}],"predecessor-version":[{"id":395,"href":"https:\/\/kintoria.com\/hu\/wp-json\/wp\/v2\/posts\/392\/revisions\/395"}],"wp:featuredmedia":[{"embeddable":true,"href":"https:\/\/kintoria.com\/hu\/wp-json\/wp\/v2\/media\/393"}],"wp:attachment":[{"href":"https:\/\/kintoria.com\/hu\/wp-json\/wp\/v2\/media?parent=392"}],"wp:term":[{"taxonomy":"category","embeddable":true,"href":"https:\/\/kintoria.com\/hu\/wp-json\/wp\/v2\/categories?post=392"},{"taxonomy":"post_tag","embeddable":true,"href":"https:\/\/kintoria.com\/hu\/wp-json\/wp\/v2\/tags?post=392"}],"curies":[{"name":"wp","href":"https:\/\/api.w.org\/{rel}","templated":true}]}}